{"id":123,"date":"2024-02-01T16:17:32","date_gmt":"2024-02-01T15:17:32","guid":{"rendered":"https:\/\/jazzphabet.fr\/?p=123"},"modified":"2024-02-01T16:18:46","modified_gmt":"2024-02-01T15:18:46","slug":"jazzphabet-un-jazz-en-n","status":"publish","type":"post","link":"https:\/\/jazzphabet.fr\/index.php\/2024\/02\/01\/jazzphabet-un-jazz-en-n\/","title":{"rendered":"Jazzphabet : Nouveaut\u00e9s + Jazz en \u00ab\u00a0N\u00a0\u00bb&#8230;"},"content":{"rendered":"\n<p><a href=\"http:\/\/frequenceamitievesoul.fr\/fr\/grille-des-programmes\/grilleprogmardi\/22h00-23h00-jazzphabet\/item\/4282-jazzphabet-jazz-en-n\" target=\"_blank\" rel=\"noreferrer noopener\">http:\/\/frequenceamitievesoul.fr\/fr\/grille-des-programmes\/grilleprogmardi\/22h00-23h00-jazzphabet\/item\/4282-jazzphabet-jazz-en-n<\/a><\/p>\n\n\n\n<p>Nouveaut\u00e9 : <a href=\"https:\/\/www.jeromelefebvre.net\/\">https:\/\/www.jeromelefebvre.net\/<\/a><\/p>\n\n\n\n<h4 class=\"wp-block-heading\">sortie le 1\u00b0 mars 2024<\/h4>\n\n\n\n<figure class=\"wp-block-image is-resized\"><img loading=\"lazy\" decoding=\"async\" width=\"158\" height=\"158\" src=\"https:\/\/jazzphabet.fr\/wp-content\/uploads\/2024\/02\/image.jpeg\" alt=\"FMROrch.jpg\" class=\"wp-image-125\" style=\"width:263px;height:auto\" srcset=\"https:\/\/jazzphabet.fr\/wp-content\/uploads\/2024\/02\/image.jpeg 158w, https:\/\/jazzphabet.fr\/wp-content\/uploads\/2024\/02\/image-150x150.jpeg 150w\" sizes=\"auto, (max-width: 158px) 100vw, 158px\" \/><\/figure>\n\n\n\n<p><a href=\"https:\/\/www.jeromelefebvre.net\/jazz\" target=\"_blank\" rel=\"noreferrer noopener\">FMR Orchestr\u00e2 \/ Jusqu&rsquo;o\u00f9 s&rsquo;\u00e9vapore la musique ?<\/a>  <\/p>\n\n\n\n<p><a href=\"https:\/\/altrisuoni.com\/catalogue\/\" target=\"_blank\" rel=\"noreferrer noopener\">Altrisuoni AS375 \/ L&rsquo;autre Distribution, 2024<\/a><\/p>\n\n\n\n<p>Timoth\u00e9e Quost, trompette, bugle, \u00e9lectronique<\/p>\n\n\n\n<p>Lo\u00efc Vergnaux, clarinette et clarinette basse<\/p>\n\n\n\n<p>Guillaume Orti, saxophones alto, soprano et C-melody<\/p>\n\n\n\n<p>J\u00e9r\u00f4me Lefebvre, guitare, composition<\/p>\n\n\n\n<p>Beno\u00eet Keller, contrebasse<\/p>\n\n\n\n<p>Daniel Jeand&rsquo;heur, batterie<\/p>\n\n\n\n<blockquote class=\"wp-block-quote is-layout-flow wp-block-quote-is-layout-flow\">\n<ol class=\"wp-block-list\">\n<li>Angelo Verploegen &#8211; Nature Boy Little Dancer 2024 (4:14)<\/li>\n\n\n\n<li>Youn Sun Nah &#8211; Elles &#8211; Lili\u0092s Blues<\/li>\n\n\n\n<li>Christof S\u00e4nger Trio &#8211; Take the A-Train (Live, Iruma, 2023) At Iruma Jazzclub 2024-01-19 (4:53)<\/li>\n\n\n\n<li>Karim Saber &#8211; Alien Folk Song Transmission 2024 (3:30)<\/li>\n\n\n\n<li>Larry Goldings &#8211; Hesitation Blues Chinwag 2024 (3:38)<\/li>\n\n\n\n<li>The Oliver Nelson Sextet Featuring: Eric Dolphy \/ Richard Williams &#8211; March On, March On Screamin&rsquo; The Blues 1963 (5:02)<\/li>\n\n\n\n<li>Fred Nardin &amp; Jon Boutellier 4tet &#8211; The Gentleman Is a Dope (feat. Cecile McLorin Salvant, David Enhco &amp; Bastien Ballaz) Watt&rsquo;s 2016 (5:16)<\/li>\n\n\n\n<li>Clovis Nicolas &#8211; Sketch Of Scherzo II The Contrapuntist 2022 (2:34)<\/li>\n\n\n\n<li>Helge Norbakken\/Jon Balke\/Miki Ndoye\/Miki N&rsquo;Doye\/Per Jorgensen &#8211; Jahlena Tuki 2006 (4:22)<\/li>\n\n\n\n<li>Fats Navarro &#8211; Stealin&rsquo; trash Fats Navarro : Fat girl 1946 (2:48)<\/li>\n\n\n\n<li>Judy Niemack &#8211; I Ain&rsquo;t Got Nothin&rsquo; But The Blues Blue Nights 2007 (4:09)<\/li>\n\n\n\n<li>ROBERTO NEGRO, Dadada &#8211; Sangu Saison 3 2017 (3:20)<\/li>\n\n\n\n<li>Marius Neset &#8211; Theme from Manmade A New Dawn 2021 (2:59)<\/li>\n\n\n\n<li>Jef Neve &#8211; Lake Kivu Spirit Control 2017 (2:28)<\/li>\n\n\n\n<li>James Newton &#8211; Addis Ababa Axum 1981 (2:55)<\/li>\n\n\n\n<li>The New Jazz Orchestra &#8211; Nardis Le D\u00e9jeuner Sur L&rsquo;Herbe 1969 (4:57)<\/li>\n\n\n\n<li>Silvia Nakkach &amp; David Darling &#8211; Adoro Voar (Loving to Fly) In Love and Longing 2014 (4:03)<\/li>\n<\/ol>\n<\/blockquote>\n\n\n\n<hr class=\"wp-block-separator has-alpha-channel-opacity\"\/>\n","protected":false},"excerpt":{"rendered":"<p>http:\/\/frequenceamitievesoul.fr\/fr\/grille-des-programmes\/grilleprogmardi\/22h00-23h00-jazzphabet\/item\/4282-jazzphabet-jazz-en-n Nouveaut\u00e9 : https:\/\/www.jeromelefebvre.net\/ sortie le 1\u00b0 mars 2024 FMR Orchestr\u00e2 \/ Jusqu&rsquo;o\u00f9 s&rsquo;\u00e9vapore la musique ? Altrisuoni AS375 \/ L&rsquo;autre Distribution, 2024 Timoth\u00e9e Quost, trompette, bugle, \u00e9lectronique Lo\u00efc Vergnaux, clarinette et clarinette basse Guillaume Orti, saxophones alto, soprano et C-melody J\u00e9r\u00f4me Lefebvre, guitare, composition Beno\u00eet Keller, contrebasse Daniel Jeand&rsquo;heur, batterie<\/p>\n","protected":false},"author":1,"featured_media":0,"comment_status":"open","ping_status":"open","sticky":false,"template":"","format":"standard","meta":{"footnotes":""},"categories":[1],"tags":[],"class_list":["post-123","post","type-post","status-publish","format-standard","hentry","category-non-classe"],"_links":{"self":[{"href":"https:\/\/jazzphabet.fr\/index.php\/wp-json\/wp\/v2\/posts\/123","targetHints":{"allow":["GET"]}}],"collection":[{"href":"https:\/\/jazzphabet.fr\/index.php\/wp-json\/wp\/v2\/posts"}],"about":[{"href":"https:\/\/jazzphabet.fr\/index.php\/wp-json\/wp\/v2\/types\/post"}],"author":[{"embeddable":true,"href":"https:\/\/jazzphabet.fr\/index.php\/wp-json\/wp\/v2\/users\/1"}],"replies":[{"embeddable":true,"href":"https:\/\/jazzphabet.fr\/index.php\/wp-json\/wp\/v2\/comments?post=123"}],"version-history":[{"count":3,"href":"https:\/\/jazzphabet.fr\/index.php\/wp-json\/wp\/v2\/posts\/123\/revisions"}],"predecessor-version":[{"id":127,"href":"https:\/\/jazzphabet.fr\/index.php\/wp-json\/wp\/v2\/posts\/123\/revisions\/127"}],"wp:attachment":[{"href":"https:\/\/jazzphabet.fr\/index.php\/wp-json\/wp\/v2\/media?parent=123"}],"wp:term":[{"taxonomy":"category","embeddable":true,"href":"https:\/\/jazzphabet.fr\/index.php\/wp-json\/wp\/v2\/categories?post=123"},{"taxonomy":"post_tag","embeddable":true,"href":"https:\/\/jazzphabet.fr\/index.php\/wp-json\/wp\/v2\/tags?post=123"}],"curies":[{"name":"wp","href":"https:\/\/api.w.org\/{rel}","templated":true}]}}